{"id":11091,"date":"2020-09-29T16:42:09","date_gmt":"2020-09-29T23:42:09","guid":{"rendered":"https:\/\/angryasianpotato.com\/322\/"},"modified":"2025-03-27T12:16:23","modified_gmt":"2025-03-27T19:16:23","slug":"que-es-%ea%b7%b8%eb%9f%b0%ea%b1%b0-%ec%9e%88%ec%96%b4-eso-lo-dice-uno","status":"publish","type":"post","link":"https:\/\/b.yokim.net\/es\/11091","title":{"rendered":"\u00bfqu\u00e9 es \u201c\uadf8\ub7f0\uac70 \uc788\uc5b4\u201d Eso lo dice uno&#8230;"},"content":{"rendered":"<p>&gt; \u00bfqu\u00e9 es \u201c\uadf8\ub7f0\uac70 \uc788\uc5b4\u201d?<\/p>\n<p>Eso lo dice uno cuando uno m\u00e1s o menos sabe lo que significa esa expresi\u00f3n, ese fen\u00f3meno social, o ambiente psicol\u00f3gico, pero le da flojera explicarlo porque es muy complicado o largo y le est\u00e1 diciendo \u00abno quiero explicarlo, me da flojera. Ac\u00e9ptalo como parte de la vida. As\u00ed son las cosas.\u00bb<\/p>\n<ul>\n<li>\ub274\uc2a4\uc5d0 \ubcf4\ub2c8\uae4c \ub2e4\uc74c\uc8fc\uac00 \ucd94\uc11d? \uc778\uac00 \uc774\ub77c\uc11c \ubbfc\uc871\ub300\uc774\ub3d9\uc774\ub77c\uace0 \ud558\ub294\ub370 \uadf8\uac8c \ubb50\uc5d0\uc694? \uadf8\ub9ac\uace0 \uc65c \ubbfc\uc871\uc774 \uc774\ub3d9\ud55c\ub370\uc694?<\/li>\n<li>\uc74c.. \ucd94\uc11d\uc774\ub77c\uace0 \uce5c\ucc99\ub4e4\uc774 \ubaa8\uc774\ub294\uac70\uc57c<\/li>\n<li>\ubbfc\uc871\ub300\uc774\ub3d9\uc740 \ubb50\uc5d0\uc694?<\/li>\n<li>\uc74c.. (\uadc0\ucc2e) \uc544\ubab0\ub791 \uadf8\ub0e5 \uadf8\ub7f0\uac70 \uc788\uc5b4<\/li>\n<\/ul>\n<ul>\n<li>en las noticias dec\u00edan que la pr\u00f3xima semana es chuseok, que todo el grupo \u00e9tnico se desplaza, \u00bfqu\u00e9 es eso? \u00bfy por qu\u00e9 le dicen movimiendo de grupo \u00e9tnico?<\/li>\n<li>bueno chuseok es cuando los parientes se re\u00fanen<\/li>\n<li>\u00bfy eso del desplazamiento \u00e9tnico?<\/li>\n<li>mmmm&#8230; anos\u00e9 estoy comiendo. as\u00ed le dicen todos los a\u00f1os. es as\u00ed nadam\u00e1s las cosas.<\/li>\n<\/ul>\n","protected":false},"excerpt":{"rendered":"<p>&gt; \u00bfqu\u00e9 es \u201c\uadf8\ub7f0\uac70 \uc788\uc5b4\u201d? Eso lo dice uno cuando uno m\u00e1s o menos sabe lo que significa esa expresi\u00f3n, ese fen\u00f3meno social, o ambiente psicol\u00f3gico, pero le da flojera explicarlo porque es muy complicado o largo y le est\u00e1 diciendo \u00abno quiero explicarlo, me da flojera. Ac\u00e9ptalo como parte de la vida. As\u00ed son [&hellip;]<\/p>\n","protected":false},"author":1,"featured_media":0,"comment_status":"open","ping_status":"open","sticky":false,"template":"","format":"status","meta":{"_jetpack_memberships_contains_paid_content":false,"footnotes":""},"categories":[32],"tags":[329,330],"class_list":["post-11091","post","type-post","status-publish","format-status","hentry","category-sin-categorizar","tag-aigo-coreano","tag-borrador","post_format-post-format-status"],"jetpack_featured_media_url":"","jetpack_sharing_enabled":true,"_links":{"self":[{"href":"https:\/\/b.yokim.net\/es\/wp-json\/wp\/v2\/posts\/11091","targetHints":{"allow":["GET"]}}],"collection":[{"href":"https:\/\/b.yokim.net\/es\/wp-json\/wp\/v2\/posts"}],"about":[{"href":"https:\/\/b.yokim.net\/es\/wp-json\/wp\/v2\/types\/post"}],"author":[{"embeddable":true,"href":"https:\/\/b.yokim.net\/es\/wp-json\/wp\/v2\/users\/1"}],"replies":[{"embeddable":true,"href":"https:\/\/b.yokim.net\/es\/wp-json\/wp\/v2\/comments?post=11091"}],"version-history":[{"count":1,"href":"https:\/\/b.yokim.net\/es\/wp-json\/wp\/v2\/posts\/11091\/revisions"}],"predecessor-version":[{"id":11387,"href":"https:\/\/b.yokim.net\/es\/wp-json\/wp\/v2\/posts\/11091\/revisions\/11387"}],"wp:attachment":[{"href":"https:\/\/b.yokim.net\/es\/wp-json\/wp\/v2\/media?parent=11091"}],"wp:term":[{"taxonomy":"category","embeddable":true,"href":"https:\/\/b.yokim.net\/es\/wp-json\/wp\/v2\/categories?post=11091"},{"taxonomy":"post_tag","embeddable":true,"href":"https:\/\/b.yokim.net\/es\/wp-json\/wp\/v2\/tags?post=11091"}],"curies":[{"name":"wp","href":"https:\/\/api.w.org\/{rel}","templated":true}]}}